{"id":720,"date":"2023-12-18T10:19:10","date_gmt":"2023-12-18T09:19:10","guid":{"rendered":"https:\/\/billard-aubenas.fr\/?p=720"},"modified":"2023-12-19T10:06:45","modified_gmt":"2023-12-19T09:06:45","slug":"resultats-sportifs-du-week-end-copy","status":"publish","type":"post","link":"https:\/\/billard-aubenas.fr\/?p=720","title":{"rendered":"R\u00e9sultats sportifs du Week-end 16 et 17 d\u00e9cembre 2023"},"content":{"rendered":"<p>Au tournoi 3 bandes de Valence, Fred Bondouy et Dominique Aubry s&rsquo;octroient la premi\u00e8re place ex\u00e6quo.<\/p>\n<p><img decoding=\"async\" class=\"alignnone wp-image-721\" src=\"https:\/\/billard-aubenas.fr\/wp-content\/uploads\/2023\/12\/fred-et-domi-valence-225x300.jpg\" alt=\"\" width=\"156\" height=\"208\" srcset=\"https:\/\/billard-aubenas.fr\/wp-content\/uploads\/2023\/12\/fred-et-domi-valence-225x300.jpg 225w, https:\/\/billard-aubenas.fr\/wp-content\/uploads\/2023\/12\/fred-et-domi-valence-768x1024.jpg 768w, https:\/\/billard-aubenas.fr\/wp-content\/uploads\/2023\/12\/fred-et-domi-valence.jpg 972w\" sizes=\"(max-width: 156px) 100vw, 156px\" \/><\/p>\n<p>En Blackball, lors du 3\u00b0 tour du championnat Dr\u00f4me Ard\u00e8che, Radil Lazereg prend la 3\u00b0 place ex\u00e6quo.<img fetchpriority=\"high\" decoding=\"async\" class=\"alignnone size-medium wp-image-722\" src=\"https:\/\/billard-aubenas.fr\/wp-content\/uploads\/2023\/12\/radil-279x300.png\" alt=\"\" width=\"279\" height=\"300\" srcset=\"https:\/\/billard-aubenas.fr\/wp-content\/uploads\/2023\/12\/radil-279x300.png 279w, https:\/\/billard-aubenas.fr\/wp-content\/uploads\/2023\/12\/radil-768x826.png 768w, https:\/\/billard-aubenas.fr\/wp-content\/uploads\/2023\/12\/radil.png 807w\" sizes=\"(max-width: 279px) 100vw, 279px\" \/><\/p>\n<p><img decoding=\"async\" class=\"alignnone size-medium wp-image-729\" src=\"https:\/\/billard-aubenas.fr\/wp-content\/uploads\/2023\/12\/Capture-300x180.png\" alt=\"\" width=\"300\" height=\"180\" srcset=\"https:\/\/billard-aubenas.fr\/wp-content\/uploads\/2023\/12\/Capture-300x180.png 300w, https:\/\/billard-aubenas.fr\/wp-content\/uploads\/2023\/12\/Capture-1024x616.png 1024w, https:\/\/billard-aubenas.fr\/wp-content\/uploads\/2023\/12\/Capture-768x462.png 768w, https:\/\/billard-aubenas.fr\/wp-content\/uploads\/2023\/12\/Capture.png 1041w\" sizes=\"(max-width: 300px) 100vw, 300px\" \/>Il y avait \u00e9galement le 3\u00b0 tour de qualification du Groupe 2 \u00e0 la bande \u00e0 Romans pour J\u00e9r\u00f4me Thinon, Patrick Vilpoux et G\u00e9rard Raffanel.<br \/>\nLe Club d&rsquo;Aubenas S&rsquo;adjuge le podium complet : 1\u00b0 Patrick, 2\u00b0 G\u00e9rard et 3\u00b0 J\u00e9r\u00f4me.<\/p>\n<p>A Grenoble, c&rsquo;\u00e9tait le 3\u00b0 tour \u00e0 la bande aussi pour le Groupe 1, avec Pierre Sarian qui termine sa journ\u00e9e \u00e0 la 4\u00b0 place.<img loading=\"lazy\" decoding=\"async\" class=\"alignnone size-medium wp-image-723\" src=\"https:\/\/billard-aubenas.fr\/wp-content\/uploads\/2023\/12\/Pierre-bande-grenoble-300x139.png\" alt=\"\" width=\"300\" height=\"139\" srcset=\"https:\/\/billard-aubenas.fr\/wp-content\/uploads\/2023\/12\/Pierre-bande-grenoble-300x139.png 300w, https:\/\/billard-aubenas.fr\/wp-content\/uploads\/2023\/12\/Pierre-bande-grenoble-768x355.png 768w, https:\/\/billard-aubenas.fr\/wp-content\/uploads\/2023\/12\/Pierre-bande-grenoble.png 835w\" sizes=\"(max-width: 300px) 100vw, 300px\" \/><\/p>\n<p>Avec encore 3 podiums pour la journ\u00e9e, on peut f\u00e9liciter les joueurs d&rsquo;Aubenas.<\/p>\n","protected":false},"excerpt":{"rendered":"<p>Au tournoi 3 bandes de Valence, Fred Bondouy et Dominique Aubry s&rsquo;octroient la premi\u00e8re place ex\u00e6quo. En Blackball, lors du 3\u00b0 tour du championnat Dr\u00f4me Ard\u00e8che, Radil Lazereg prend la 3\u00b0 place ex\u00e6quo. Il y avait \u00e9galement le 3\u00b0 tour &hellip;<\/p>\n<p class=\"read-more\"> <a class=\"more-link\" href=\"https:\/\/billard-aubenas.fr\/?p=720\"> <span class=\"screen-reader-text\">R\u00e9sultats sportifs du Week-end 16 et 17 d\u00e9cembre 2023<\/span> Read More &raquo;<\/a><\/p>\n","protected":false},"author":1,"featured_media":0,"comment_status":"open","ping_status":"open","sticky":false,"template":"","format":"standard","meta":{"footnotes":""},"categories":[4],"tags":[],"class_list":["post-720","post","type-post","status-publish","format-standard","hentry","category-competitions"],"_links":{"self":[{"href":"https:\/\/billard-aubenas.fr\/index.php?rest_route=\/wp\/v2\/posts\/720","targetHints":{"allow":["GET"]}}],"collection":[{"href":"https:\/\/billard-aubenas.fr\/index.php?rest_route=\/wp\/v2\/posts"}],"about":[{"href":"https:\/\/billard-aubenas.fr\/index.php?rest_route=\/wp\/v2\/types\/post"}],"author":[{"embeddable":true,"href":"https:\/\/billard-aubenas.fr\/index.php?rest_route=\/wp\/v2\/users\/1"}],"replies":[{"embeddable":true,"href":"https:\/\/billard-aubenas.fr\/index.php?rest_route=%2Fwp%2Fv2%2Fcomments&post=720"}],"version-history":[{"count":6,"href":"https:\/\/billard-aubenas.fr\/index.php?rest_route=\/wp\/v2\/posts\/720\/revisions"}],"predecessor-version":[{"id":730,"href":"https:\/\/billard-aubenas.fr\/index.php?rest_route=\/wp\/v2\/posts\/720\/revisions\/730"}],"wp:attachment":[{"href":"https:\/\/billard-aubenas.fr\/index.php?rest_route=%2Fwp%2Fv2%2Fmedia&parent=720"}],"wp:term":[{"taxonomy":"category","embeddable":true,"href":"https:\/\/billard-aubenas.fr\/index.php?rest_route=%2Fwp%2Fv2%2Fcategories&post=720"},{"taxonomy":"post_tag","embeddable":true,"href":"https:\/\/billard-aubenas.fr\/index.php?rest_route=%2Fwp%2Fv2%2Ftags&post=720"}],"curies":[{"name":"wp","href":"https:\/\/api.w.org\/{rel}","templated":true}]}}