{"id":651,"date":"2023-11-12T18:50:00","date_gmt":"2023-11-12T17:50:00","guid":{"rendered":"https:\/\/billard-aubenas.fr\/?p=651"},"modified":"2023-12-01T10:03:50","modified_gmt":"2023-12-01T09:03:50","slug":"resultats-sportifs-du-week-end","status":"publish","type":"post","link":"https:\/\/billard-aubenas.fr\/?p=651","title":{"rendered":"R\u00e9sultats sportifs du Week-end"},"content":{"rendered":"<p>Ce dimanche, 5 comp\u00e9titeurs du Club se d\u00e9pla\u00e7aient.<\/p>\n<p>Il y avait le 2\u00b0 tour de qualification du Groupe 1 \u00e0 la bande \u00e0 Valence pour Pierre Sarian et J\u00e9r\u00f4me Thinon.<br \/>\nPierre termine \u00e0 la 2\u00b0 place et J\u00e9r\u00f4me \u00e0 la 6\u00b0 place.<\/p>\n<p>A Grenoble, c&rsquo;\u00e9tait le 2\u00b0 tour \u00e0 la bande aussi pour le Groupe 2, avec Patrick Vilpoux et G\u00e9rard Raffanel.<br \/>\nPatrick prend lui aussi la 2\u00b0 place et G\u00e9rard la 4\u00b0.<\/p>\n<p>Il y avait aussi du Blackball \u00e0 Bourg les Valence avec la COUPE DR\u00d4ME ARDECHE INDIVIDUELLE MIXTE et Radil Lazereg prend la 3\u00b0 place.<\/p>\n<p>Avec 3 podiums pour la journ\u00e9e, on peut f\u00e9liciter les joueurs d&rsquo;Aubenas.<\/p>\n","protected":false},"excerpt":{"rendered":"<p>Ce dimanche, 5 comp\u00e9titeurs du Club se d\u00e9pla\u00e7aient. Il y avait le 2\u00b0 tour de qualification du Groupe 1 \u00e0 la bande \u00e0 Valence pour Pierre Sarian et J\u00e9r\u00f4me Thinon. Pierre termine \u00e0 la 2\u00b0 place et J\u00e9r\u00f4me \u00e0 la &hellip;<\/p>\n<p class=\"read-more\"> <a class=\"more-link\" href=\"https:\/\/billard-aubenas.fr\/?p=651\"> <span class=\"screen-reader-text\">R\u00e9sultats sportifs du Week-end<\/span> Read More &raquo;<\/a><\/p>\n","protected":false},"author":1,"featured_media":0,"comment_status":"open","ping_status":"open","sticky":false,"template":"","format":"standard","meta":{"footnotes":""},"categories":[4],"tags":[],"class_list":["post-651","post","type-post","status-publish","format-standard","hentry","category-competitions"],"_links":{"self":[{"href":"https:\/\/billard-aubenas.fr\/index.php?rest_route=\/wp\/v2\/posts\/651","targetHints":{"allow":["GET"]}}],"collection":[{"href":"https:\/\/billard-aubenas.fr\/index.php?rest_route=\/wp\/v2\/posts"}],"about":[{"href":"https:\/\/billard-aubenas.fr\/index.php?rest_route=\/wp\/v2\/types\/post"}],"author":[{"embeddable":true,"href":"https:\/\/billard-aubenas.fr\/index.php?rest_route=\/wp\/v2\/users\/1"}],"replies":[{"embeddable":true,"href":"https:\/\/billard-aubenas.fr\/index.php?rest_route=%2Fwp%2Fv2%2Fcomments&post=651"}],"version-history":[{"count":1,"href":"https:\/\/billard-aubenas.fr\/index.php?rest_route=\/wp\/v2\/posts\/651\/revisions"}],"predecessor-version":[{"id":652,"href":"https:\/\/billard-aubenas.fr\/index.php?rest_route=\/wp\/v2\/posts\/651\/revisions\/652"}],"wp:attachment":[{"href":"https:\/\/billard-aubenas.fr\/index.php?rest_route=%2Fwp%2Fv2%2Fmedia&parent=651"}],"wp:term":[{"taxonomy":"category","embeddable":true,"href":"https:\/\/billard-aubenas.fr\/index.php?rest_route=%2Fwp%2Fv2%2Fcategories&post=651"},{"taxonomy":"post_tag","embeddable":true,"href":"https:\/\/billard-aubenas.fr\/index.php?rest_route=%2Fwp%2Fv2%2Ftags&post=651"}],"curies":[{"name":"wp","href":"https:\/\/api.w.org\/{rel}","templated":true}]}}